{"id":10050,"date":"2023-04-08T21:29:31","date_gmt":"2023-04-09T01:29:31","guid":{"rendered":"https:\/\/crystal-dev.canalcero.digital\/crystal-lagoons-inaugura-laguna-cristalina-mas-grande-de-sudafrica\/"},"modified":"2023-04-08T21:29:31","modified_gmt":"2023-04-09T01:29:31","slug":"crystal-lagoons-inaugura-laguna-cristalina-mas-grande-de-sudafrica","status":"publish","type":"post","link":"https:\/\/crystal-dev.canalcero.digital\/es\/crystal-lagoons-inaugura-laguna-cristalina-mas-grande-de-sudafrica\/","title":{"rendered":"Crystal Lagoons inaugura laguna cristalina m\u00e1s grande de Sud\u00e1frica"},"content":{"rendered":"<p>Un\u00a0<strong>\u00e9xito comercial sin precedentes<\/strong>, multiples galardones y elogios del Presidente de la Rep\u00fablica son algunos de los reconocimientos que ha recibido\u00a0<strong>Crystal Lagoons<\/strong>\u00a0en Sud\u00e1frica desde la inauguraci\u00f3n del primer proyecto\u00a0<strong>The Blyde<\/strong>. Con una\u00a0<strong>expansi\u00f3n vertiginosa<\/strong>, la multinacional de innovaci\u00f3n actualmente\u00a0<strong>totaliza 24 proyectos<\/strong>\u00a0en distintas etapas de desarrollo y negociaci\u00f3n.<\/p>\n<p><strong>Recientemente, inaugur\u00f3 su proyecto<\/strong> <strong>m\u00e1s<\/strong> emblem\u00e1tico <strong>Munyaka,<\/strong> <strong>pr\u00f3ximo a Johannesburgo<\/strong>, en la regi\u00f3n de Midrand, impulsado en asociaci\u00f3n con principal desarrollador del pa\u00eds, <strong>Balwin Properties<\/strong>. <strong>Este desarrollo<\/strong> ha sido premiado, se transform\u00f3 en \u00e9xito en ventas -en s\u00f3lo cuatro d\u00edas se comercializaron<strong> 550 departamentos-<\/strong> y fue destacado por el presidente de la Rep\u00fablica por su aporte urbano.<\/p>\n<p>Su <a href=\"https:\/\/www.crystal-lagoons.com\/es\/concepto-tecnologia\/\">monumental laguna cristalina de aguas turquesa y arenas blancas<\/a> es la m\u00e1s grande del pa\u00eds, cubriendo un \u00e1rea de aproximadamente\u00a0<strong>siete canchas de rugby <\/strong><strong>y<\/strong> <strong>brindando una <\/strong><a href=\"https:\/\/www.crystal-lagoons.com\/es\/public-access-lagoons\/\">nueva experiencia de playa <\/a>a Johannesburg.<\/p>\n<p><strong>\u201cMunyaka dar\u00e1 vida a la Sud\u00e1frica que anhelamos<\/strong><strong>, fomentando su econom\u00eda. Este es un lugar m\u00e1gico. Al ver la laguna y los espacios al aire libre, pienso que esta es la forma de construir grandes comunidades\u201d, se\u00f1al\u00f3 e<\/strong>l presidente de la Rep\u00fablica, Cyril Ramaphosa.<\/p>\n<p>Por su espectacularidad, este complejo residencial de ultra lujo ha sido destacado por la prensa mundial en innumerables oportunidades que ha definido el amenity de Crystal Lagoons como \u201c<strong>la primera playa de\u00a0Johannesburgo\u201d<\/strong>.<\/p>\n<p><strong>Contenido original<\/strong><\/p>\n","protected":false},"excerpt":{"rendered":"<p>Un\u00a0\u00e9xito comercial sin precedentes, multiples galardones y elogios del Presidente de la Rep\u00fablica son algunos de los reconocimientos que ha recibido\u00a0Crystal Lagoons\u00a0en Sud\u00e1frica desde la inauguraci\u00f3n del primer proyecto\u00a0The Blyde. Con una\u00a0expansi\u00f3n vertiginosa, la multinacional de innovaci\u00f3n actualmente\u00a0totaliza 24 proyectos\u00a0en distintas etapas de desarrollo y negociaci\u00f3n. Recientemente, inaugur\u00f3 su proyecto m\u00e1s emblem\u00e1tico Munyaka, pr\u00f3ximo a [&hellip;]<\/p>\n","protected":false},"author":6,"featured_media":9647,"comment_status":"closed","ping_status":"open","sticky":false,"template":"","format":"standard","meta":{"footnotes":""},"categories":[35],"tags":[],"class_list":["post-10050","post","type-post","status-publish","format-standard","has-post-thumbnail","hentry","category-ultimas-noticias"],"acf":[],"yoast_head":"<!-- This site is optimized with the Yoast SEO plugin v20.8 - https:\/\/yoast.com\/wordpress\/plugins\/seo\/ -->\n<title>Crystal Lagoons inaugura laguna cristalina m\u00e1s grande de Sud\u00e1frica - Crystal Lagoons<\/title>\n<meta name=\"robots\" content=\"noindex, follow, max-snippet:-1, max-image-preview:large, max-video-preview:-1\" \/>\n<meta property=\"og:locale\" content=\"es_ES\" \/>\n<meta property=\"og:type\" content=\"article\" \/>\n<meta property=\"og:title\" content=\"Crystal Lagoons inaugura laguna cristalina m\u00e1s grande de Sud\u00e1frica - Crystal Lagoons\" \/>\n<meta property=\"og:description\" content=\"Un\u00a0\u00e9xito comercial sin precedentes, multiples galardones y elogios del Presidente de la Rep\u00fablica son algunos de los reconocimientos que ha recibido\u00a0Crystal Lagoons\u00a0en Sud\u00e1frica desde la inauguraci\u00f3n del primer proyecto\u00a0The Blyde. Con una\u00a0expansi\u00f3n vertiginosa, la multinacional de innovaci\u00f3n actualmente\u00a0totaliza 24 proyectos\u00a0en distintas etapas de desarrollo y negociaci\u00f3n. Recientemente, inaugur\u00f3 su proyecto m\u00e1s emblem\u00e1tico Munyaka, pr\u00f3ximo a [&hellip;]\" \/>\n<meta property=\"og:url\" content=\"https:\/\/crystal-dev.canalcero.digital\/es\/crystal-lagoons-inaugura-laguna-cristalina-mas-grande-de-sudafrica\/\" \/>\n<meta property=\"og:site_name\" content=\"Crystal Lagoons\" \/>\n<meta property=\"article:published_time\" content=\"2023-04-09T01:29:31+00:00\" \/>\n<meta property=\"og:image\" content=\"https:\/\/crystal-dev.canalcero.digital\/wp-content\/uploads\/2023\/05\/10-03-Munyaka-inauguro-laguna-CL-EN.jpg\" \/>\n\t<meta property=\"og:image:width\" content=\"1500\" \/>\n\t<meta property=\"og:image:height\" content=\"844\" \/>\n\t<meta property=\"og:image:type\" content=\"image\/jpeg\" \/>\n<meta name=\"author\" content=\"Javiera\" \/>\n<meta name=\"twitter:card\" content=\"summary_large_image\" \/>\n<meta name=\"twitter:label1\" content=\"Escrito por\" \/>\n\t<meta name=\"twitter:data1\" content=\"Javiera\" \/>\n\t<meta name=\"twitter:label2\" content=\"Tiempo de lectura\" \/>\n\t<meta name=\"twitter:data2\" content=\"1 minuto\" \/>\n<script type=\"application\/ld+json\" class=\"yoast-schema-graph\">{\"@context\":\"https:\/\/schema.org\",\"@graph\":[{\"@type\":\"Article\",\"@id\":\"https:\/\/crystal-dev.canalcero.digital\/es\/crystal-lagoons-inaugura-laguna-cristalina-mas-grande-de-sudafrica\/#article\",\"isPartOf\":{\"@id\":\"https:\/\/crystal-dev.canalcero.digital\/es\/crystal-lagoons-inaugura-laguna-cristalina-mas-grande-de-sudafrica\/\"},\"author\":{\"name\":\"Javiera\",\"@id\":\"https:\/\/crystal-dev.canalcero.digital\/en\/#\/schema\/person\/5be68a7e2a08a2b98a998b6ed8e47f03\"},\"headline\":\"Crystal Lagoons inaugura laguna cristalina m\u00e1s grande de Sud\u00e1frica\",\"datePublished\":\"2023-04-09T01:29:31+00:00\",\"dateModified\":\"2023-04-09T01:29:31+00:00\",\"mainEntityOfPage\":{\"@id\":\"https:\/\/crystal-dev.canalcero.digital\/es\/crystal-lagoons-inaugura-laguna-cristalina-mas-grande-de-sudafrica\/\"},\"wordCount\":254,\"publisher\":{\"@id\":\"https:\/\/crystal-dev.canalcero.digital\/en\/#organization\"},\"articleSection\":[\"\u00daltimas Noticias\"],\"inLanguage\":\"es\"},{\"@type\":\"WebPage\",\"@id\":\"https:\/\/crystal-dev.canalcero.digital\/es\/crystal-lagoons-inaugura-laguna-cristalina-mas-grande-de-sudafrica\/\",\"url\":\"https:\/\/crystal-dev.canalcero.digital\/es\/crystal-lagoons-inaugura-laguna-cristalina-mas-grande-de-sudafrica\/\",\"name\":\"Crystal Lagoons inaugura laguna cristalina m\u00e1s grande de Sud\u00e1frica - Crystal Lagoons\",\"isPartOf\":{\"@id\":\"https:\/\/crystal-dev.canalcero.digital\/en\/#website\"},\"datePublished\":\"2023-04-09T01:29:31+00:00\",\"dateModified\":\"2023-04-09T01:29:31+00:00\",\"breadcrumb\":{\"@id\":\"https:\/\/crystal-dev.canalcero.digital\/es\/crystal-lagoons-inaugura-laguna-cristalina-mas-grande-de-sudafrica\/#breadcrumb\"},\"inLanguage\":\"es\",\"potentialAction\":[{\"@type\":\"ReadAction\",\"target\":[\"https:\/\/crystal-dev.canalcero.digital\/es\/crystal-lagoons-inaugura-laguna-cristalina-mas-grande-de-sudafrica\/\"]}]},{\"@type\":\"BreadcrumbList\",\"@id\":\"https:\/\/crystal-dev.canalcero.digital\/es\/crystal-lagoons-inaugura-laguna-cristalina-mas-grande-de-sudafrica\/#breadcrumb\",\"itemListElement\":[{\"@type\":\"ListItem\",\"position\":1,\"name\":\"Portada\",\"item\":\"https:\/\/crystal-dev.canalcero.digital\/es\/\"},{\"@type\":\"ListItem\",\"position\":2,\"name\":\"Crystal Lagoons inaugura laguna cristalina m\u00e1s grande de Sud\u00e1frica\"}]},{\"@type\":\"WebSite\",\"@id\":\"https:\/\/crystal-dev.canalcero.digital\/en\/#website\",\"url\":\"https:\/\/crystal-dev.canalcero.digital\/en\/\",\"name\":\"Crystal Lagoons\",\"description\":\"\",\"publisher\":{\"@id\":\"https:\/\/crystal-dev.canalcero.digital\/en\/#organization\"},\"potentialAction\":[{\"@type\":\"SearchAction\",\"target\":{\"@type\":\"EntryPoint\",\"urlTemplate\":\"https:\/\/crystal-dev.canalcero.digital\/en\/?s={search_term_string}\"},\"query-input\":\"required name=search_term_string\"}],\"inLanguage\":\"es\"},{\"@type\":\"Organization\",\"@id\":\"https:\/\/crystal-dev.canalcero.digital\/en\/#organization\",\"name\":\"Crystal Lagoons\",\"url\":\"https:\/\/crystal-dev.canalcero.digital\/en\/\",\"logo\":{\"@type\":\"ImageObject\",\"inLanguage\":\"es\",\"@id\":\"https:\/\/crystal-dev.canalcero.digital\/en\/#\/schema\/logo\/image\/\",\"url\":\"https:\/\/crystal-dev.canalcero.digital\/wp-content\/uploads\/2022\/07\/logo_cl.png\",\"contentUrl\":\"https:\/\/crystal-dev.canalcero.digital\/wp-content\/uploads\/2022\/07\/logo_cl.png\",\"width\":687,\"height\":136,\"caption\":\"Crystal Lagoons\"},\"image\":{\"@id\":\"https:\/\/crystal-dev.canalcero.digital\/en\/#\/schema\/logo\/image\/\"}},{\"@type\":\"Person\",\"@id\":\"https:\/\/crystal-dev.canalcero.digital\/en\/#\/schema\/person\/5be68a7e2a08a2b98a998b6ed8e47f03\",\"name\":\"Javiera\",\"image\":{\"@type\":\"ImageObject\",\"inLanguage\":\"es\",\"@id\":\"https:\/\/crystal-dev.canalcero.digital\/en\/#\/schema\/person\/image\/\",\"url\":\"https:\/\/secure.gravatar.com\/avatar\/48919c51f55ea70926a74c687807542bde6fbd6521bcccb4096c4c476e2f55a0?s=96&d=mm&r=g\",\"contentUrl\":\"https:\/\/secure.gravatar.com\/avatar\/48919c51f55ea70926a74c687807542bde6fbd6521bcccb4096c4c476e2f55a0?s=96&d=mm&r=g\",\"caption\":\"Javiera\"},\"url\":\"https:\/\/crystal-dev.canalcero.digital\/es\/author\/javiera\/\"}]}<\/script>\n<!-- \/ Yoast SEO plugin. -->","yoast_head_json":{"title":"Crystal Lagoons inaugura laguna cristalina m\u00e1s grande de Sud\u00e1frica - Crystal Lagoons","robots":{"index":"noindex","follow":"follow","max-snippet":"max-snippet:-1","max-image-preview":"max-image-preview:large","max-video-preview":"max-video-preview:-1"},"og_locale":"es_ES","og_type":"article","og_title":"Crystal Lagoons inaugura laguna cristalina m\u00e1s grande de Sud\u00e1frica - Crystal Lagoons","og_description":"Un\u00a0\u00e9xito comercial sin precedentes, multiples galardones y elogios del Presidente de la Rep\u00fablica son algunos de los reconocimientos que ha recibido\u00a0Crystal Lagoons\u00a0en Sud\u00e1frica desde la inauguraci\u00f3n del primer proyecto\u00a0The Blyde. Con una\u00a0expansi\u00f3n vertiginosa, la multinacional de innovaci\u00f3n actualmente\u00a0totaliza 24 proyectos\u00a0en distintas etapas de desarrollo y negociaci\u00f3n. Recientemente, inaugur\u00f3 su proyecto m\u00e1s emblem\u00e1tico Munyaka, pr\u00f3ximo a [&hellip;]","og_url":"https:\/\/crystal-dev.canalcero.digital\/es\/crystal-lagoons-inaugura-laguna-cristalina-mas-grande-de-sudafrica\/","og_site_name":"Crystal Lagoons","article_published_time":"2023-04-09T01:29:31+00:00","og_image":[{"width":1500,"height":844,"url":"https:\/\/crystal-dev.canalcero.digital\/wp-content\/uploads\/2023\/05\/10-03-Munyaka-inauguro-laguna-CL-EN.jpg","type":"image\/jpeg"}],"author":"Javiera","twitter_card":"summary_large_image","twitter_misc":{"Escrito por":"Javiera","Tiempo de lectura":"1 minuto"},"schema":{"@context":"https:\/\/schema.org","@graph":[{"@type":"Article","@id":"https:\/\/crystal-dev.canalcero.digital\/es\/crystal-lagoons-inaugura-laguna-cristalina-mas-grande-de-sudafrica\/#article","isPartOf":{"@id":"https:\/\/crystal-dev.canalcero.digital\/es\/crystal-lagoons-inaugura-laguna-cristalina-mas-grande-de-sudafrica\/"},"author":{"name":"Javiera","@id":"https:\/\/crystal-dev.canalcero.digital\/en\/#\/schema\/person\/5be68a7e2a08a2b98a998b6ed8e47f03"},"headline":"Crystal Lagoons inaugura laguna cristalina m\u00e1s grande de Sud\u00e1frica","datePublished":"2023-04-09T01:29:31+00:00","dateModified":"2023-04-09T01:29:31+00:00","mainEntityOfPage":{"@id":"https:\/\/crystal-dev.canalcero.digital\/es\/crystal-lagoons-inaugura-laguna-cristalina-mas-grande-de-sudafrica\/"},"wordCount":254,"publisher":{"@id":"https:\/\/crystal-dev.canalcero.digital\/en\/#organization"},"articleSection":["\u00daltimas Noticias"],"inLanguage":"es"},{"@type":"WebPage","@id":"https:\/\/crystal-dev.canalcero.digital\/es\/crystal-lagoons-inaugura-laguna-cristalina-mas-grande-de-sudafrica\/","url":"https:\/\/crystal-dev.canalcero.digital\/es\/crystal-lagoons-inaugura-laguna-cristalina-mas-grande-de-sudafrica\/","name":"Crystal Lagoons inaugura laguna cristalina m\u00e1s grande de Sud\u00e1frica - Crystal Lagoons","isPartOf":{"@id":"https:\/\/crystal-dev.canalcero.digital\/en\/#website"},"datePublished":"2023-04-09T01:29:31+00:00","dateModified":"2023-04-09T01:29:31+00:00","breadcrumb":{"@id":"https:\/\/crystal-dev.canalcero.digital\/es\/crystal-lagoons-inaugura-laguna-cristalina-mas-grande-de-sudafrica\/#breadcrumb"},"inLanguage":"es","potentialAction":[{"@type":"ReadAction","target":["https:\/\/crystal-dev.canalcero.digital\/es\/crystal-lagoons-inaugura-laguna-cristalina-mas-grande-de-sudafrica\/"]}]},{"@type":"BreadcrumbList","@id":"https:\/\/crystal-dev.canalcero.digital\/es\/crystal-lagoons-inaugura-laguna-cristalina-mas-grande-de-sudafrica\/#breadcrumb","itemListElement":[{"@type":"ListItem","position":1,"name":"Portada","item":"https:\/\/crystal-dev.canalcero.digital\/es\/"},{"@type":"ListItem","position":2,"name":"Crystal Lagoons inaugura laguna cristalina m\u00e1s grande de Sud\u00e1frica"}]},{"@type":"WebSite","@id":"https:\/\/crystal-dev.canalcero.digital\/en\/#website","url":"https:\/\/crystal-dev.canalcero.digital\/en\/","name":"Crystal Lagoons","description":"","publisher":{"@id":"https:\/\/crystal-dev.canalcero.digital\/en\/#organization"},"potentialAction":[{"@type":"SearchAction","target":{"@type":"EntryPoint","urlTemplate":"https:\/\/crystal-dev.canalcero.digital\/en\/?s={search_term_string}"},"query-input":"required name=search_term_string"}],"inLanguage":"es"},{"@type":"Organization","@id":"https:\/\/crystal-dev.canalcero.digital\/en\/#organization","name":"Crystal Lagoons","url":"https:\/\/crystal-dev.canalcero.digital\/en\/","logo":{"@type":"ImageObject","inLanguage":"es","@id":"https:\/\/crystal-dev.canalcero.digital\/en\/#\/schema\/logo\/image\/","url":"https:\/\/crystal-dev.canalcero.digital\/wp-content\/uploads\/2022\/07\/logo_cl.png","contentUrl":"https:\/\/crystal-dev.canalcero.digital\/wp-content\/uploads\/2022\/07\/logo_cl.png","width":687,"height":136,"caption":"Crystal Lagoons"},"image":{"@id":"https:\/\/crystal-dev.canalcero.digital\/en\/#\/schema\/logo\/image\/"}},{"@type":"Person","@id":"https:\/\/crystal-dev.canalcero.digital\/en\/#\/schema\/person\/5be68a7e2a08a2b98a998b6ed8e47f03","name":"Javiera","image":{"@type":"ImageObject","inLanguage":"es","@id":"https:\/\/crystal-dev.canalcero.digital\/en\/#\/schema\/person\/image\/","url":"https:\/\/secure.gravatar.com\/avatar\/48919c51f55ea70926a74c687807542bde6fbd6521bcccb4096c4c476e2f55a0?s=96&d=mm&r=g","contentUrl":"https:\/\/secure.gravatar.com\/avatar\/48919c51f55ea70926a74c687807542bde6fbd6521bcccb4096c4c476e2f55a0?s=96&d=mm&r=g","caption":"Javiera"},"url":"https:\/\/crystal-dev.canalcero.digital\/es\/author\/javiera\/"}]}},"_links":{"self":[{"href":"https:\/\/crystal-dev.canalcero.digital\/es\/wp-json\/wp\/v2\/posts\/10050","targetHints":{"allow":["GET"]}}],"collection":[{"href":"https:\/\/crystal-dev.canalcero.digital\/es\/wp-json\/wp\/v2\/posts"}],"about":[{"href":"https:\/\/crystal-dev.canalcero.digital\/es\/wp-json\/wp\/v2\/types\/post"}],"author":[{"embeddable":true,"href":"https:\/\/crystal-dev.canalcero.digital\/es\/wp-json\/wp\/v2\/users\/6"}],"replies":[{"embeddable":true,"href":"https:\/\/crystal-dev.canalcero.digital\/es\/wp-json\/wp\/v2\/comments?post=10050"}],"version-history":[{"count":0,"href":"https:\/\/crystal-dev.canalcero.digital\/es\/wp-json\/wp\/v2\/posts\/10050\/revisions"}],"wp:featuredmedia":[{"embeddable":true,"href":"https:\/\/crystal-dev.canalcero.digital\/es\/wp-json\/wp\/v2\/media\/9647"}],"wp:attachment":[{"href":"https:\/\/crystal-dev.canalcero.digital\/es\/wp-json\/wp\/v2\/media?parent=10050"}],"wp:term":[{"taxonomy":"category","embeddable":true,"href":"https:\/\/crystal-dev.canalcero.digital\/es\/wp-json\/wp\/v2\/categories?post=10050"},{"taxonomy":"post_tag","embeddable":true,"href":"https:\/\/crystal-dev.canalcero.digital\/es\/wp-json\/wp\/v2\/tags?post=10050"}],"curies":[{"name":"wp","href":"https:\/\/api.w.org\/{rel}","templated":true}]}}